{"id":96,"date":"2020-04-08T04:11:04","date_gmt":"2020-04-08T04:11:04","guid":{"rendered":"http:\/\/molinablotta.com.ar\/website\/?p=96"},"modified":"2020-08-29T04:14:18","modified_gmt":"2020-08-29T04:14:18","slug":"boletin-informativo-15-20-08-04-20","status":"publish","type":"post","link":"http:\/\/molinablotta.com.ar\/website\/2020\/04\/08\/boletin-informativo-15-20-08-04-20\/","title":{"rendered":"Bolet\u00edn informativo 15\/20 (08\/04\/20)"},"content":{"rendered":"<p class=\"x_msonormalmailrucssattributepostfix\"><strong><span class=\"x_MsoHyperlink\" style=\"color: #0000ff;\">PRIMERA RESOLUCI\u00d3N DEL COMIT\u00c9 DE EVALUACI\u00d3N Y MONITOREO DEL PROGRAMA DE ASISTENCIA DE EMERGENCIA AL TRABAJO Y LA PRODUCCI\u00d3N<\/span><\/strong><\/p>\r\n<p class=\"x_MsoNormal\">El Acta 1 del comit\u00e9 ha resuelto recomendar:<\/p>\r\n<p class=\"x_MsoNormal\">\u00a0a) Que la Administraci\u00f3n Federal de Ingresos P\u00fablicos habilite los instrumentos sist\u00e9micos necesarios para que las empresas que pretendan acceder a los beneficios del DNU 332\/2020, modificado por el DNU 347\/2020, se inscriban brindando la informaci\u00f3n que se les requiera.<\/p>\r\n<p class=\"x_MsoNormal\">b) Que la Administraci\u00f3n Federal de Ingresos P\u00fablicos eval\u00fae en el marco de sus facultades, postergar el pago de las contribuciones patronales correspondiente al per\u00edodo fiscal devengado en el mes de marzo de 2020 a los empleadores cuyas empresas se encuentren incluidas en los listados de actividades indicado en el informe t\u00e9cnico adjunto.\u00a0 Por error no se ha dado a publicidad este informe, esperamos su publicaci\u00f3n a la brevedad.<\/p>\r\n<p class=\"x_MsoNormal\">c) Que se Solicite a los Ministerios de Econom\u00eda y de Desarrollo Productivo que elaboren los informes necesarios para determinar los criterios objetivos a efectos de definir el cumplimiento de los requisitos previstos en el art\u00edculo 3 del DNU N\u00b0 332\/20.<\/p>\r\n<p class=\"x_MsoNormal\">A la fecha estamos esperando las resoluciones de AFIP que pongan en funcionamiento el sistema de inscripci\u00f3n al programa y decidan o no la pr\u00f3rroga de vencimientos.<\/p>\r\n\r\n<p>&nbsp;<\/p>","protected":false},"excerpt":{"rendered":"<p>PRIMERA RESOLUCI\u00d3N DEL COMIT\u00c9 DE EVALUACI\u00d3N Y MONITOREO DEL PROGRAMA DE ASISTENCIA DE EMERGENCIA AL TRABAJO Y LA PRODUCCI\u00d3N El Acta 1 del comit\u00e9 ha resuelto recomendar: \u00a0a) Que la Administraci\u00f3n Federal de Ingresos P\u00fablicos habilite los instrumentos sist\u00e9micos necesarios para que las empresas que pretendan acceder a los beneficios del DNU 332\/2020, modificado por &#8230; <a title=\"Bolet\u00edn informativo 15\/20 (08\/04\/20)\" class=\"read-more\" href=\"http:\/\/molinablotta.com.ar\/website\/2020\/04\/08\/boletin-informativo-15-20-08-04-20\/\">Leer m\u00e1s<\/a><\/p>\n","protected":false},"author":1,"featured_media":0,"comment_status":"closed","ping_status":"open","sticky":false,"template":"","format":"standard","meta":{"footnotes":""},"categories":[3,4],"tags":[8],"class_list":["post-96","post","type-post","status-publish","format-standard","hentry","category-boletin-informativo","category-noticias","tag-emergencia-sanitaria"],"_links":{"self":[{"href":"http:\/\/molinablotta.com.ar\/website\/wp-json\/wp\/v2\/posts\/96","targetHints":{"allow":["GET"]}}],"collection":[{"href":"http:\/\/molinablotta.com.ar\/website\/wp-json\/wp\/v2\/posts"}],"about":[{"href":"http:\/\/molinablotta.com.ar\/website\/wp-json\/wp\/v2\/types\/post"}],"author":[{"embeddable":true,"href":"http:\/\/molinablotta.com.ar\/website\/wp-json\/wp\/v2\/users\/1"}],"replies":[{"embeddable":true,"href":"http:\/\/molinablotta.com.ar\/website\/wp-json\/wp\/v2\/comments?post=96"}],"version-history":[{"count":2,"href":"http:\/\/molinablotta.com.ar\/website\/wp-json\/wp\/v2\/posts\/96\/revisions"}],"predecessor-version":[{"id":98,"href":"http:\/\/molinablotta.com.ar\/website\/wp-json\/wp\/v2\/posts\/96\/revisions\/98"}],"wp:attachment":[{"href":"http:\/\/molinablotta.com.ar\/website\/wp-json\/wp\/v2\/media?parent=96"}],"wp:term":[{"taxonomy":"category","embeddable":true,"href":"http:\/\/molinablotta.com.ar\/website\/wp-json\/wp\/v2\/categories?post=96"},{"taxonomy":"post_tag","embeddable":true,"href":"http:\/\/molinablotta.com.ar\/website\/wp-json\/wp\/v2\/tags?post=96"}],"curies":[{"name":"wp","href":"https:\/\/api.w.org\/{rel}","templated":true}]}}