{"id":93,"date":"2020-04-02T04:09:40","date_gmt":"2020-04-02T04:09:40","guid":{"rendered":"http:\/\/molinablotta.com.ar\/website\/?p=93"},"modified":"2020-08-29T04:14:23","modified_gmt":"2020-08-29T04:14:23","slug":"boletin-informativo-14-20-02-04-20","status":"publish","type":"post","link":"http:\/\/molinablotta.com.ar\/website\/2020\/04\/02\/boletin-informativo-14-20-02-04-20\/","title":{"rendered":"Bolet\u00edn informativo 14\/20 (02\/04\/20)"},"content":{"rendered":"<h1><span class=\"x_MsoHyperlink\" style=\"color: #0000ff;\"><b>PROGRAMA DE ASISTENCIA DE EMERGENCIA AL TRABAJO Y LA PRODUCCI\u00d3N<\/b><\/span><b><\/b><\/h1>\n<p class=\"x_yiv1001132433msonormal\"><span class=\"x_yiv1001132433detallelista1\">\u00a0<\/span><strong><u>Caracter\u00edsticas del programa<\/u><\/strong><\/p>\n<p class=\"x_yiv1001132433msonormal\">&#8211;\u00a0\u00a0 \u00a0Postergaci\u00f3n o reducci\u00f3n de hasta el 95% del pago de las contribuciones patronales al SIPA.<br \/>\n&#8211;\u00a0\u00a0 \u00a0Asignaci\u00f3n Compensatoria al Salario: abonada por el Estado para todos los trabajadores trabajadoras en relaci\u00f3n de dependencia del sector privado, comprendidos en el r\u00e9gimen de negociaci\u00f3n colectiva, para empresas de hasta 100 trabajadores.<br \/>\n&#8211;\u00a0\u00a0 \u00a0REPRO Asistencia por la Emergencia Sanitaria: consiste en una suma no contributiva respecto al SIPA abonada por el Estado para los trabajadores en relaci\u00f3n de dependencia del sector privado, comprendidos en el r\u00e9gimen de negociaci\u00f3n colectiva, en empleadores que superen los 100 trabajadores.<\/p>\n<p class=\"x_yiv1001132433msonormal\">&#8211;\u00a0\u00a0 \u00a0Prestaciones por desempleo:\u00a0los trabajadores acceder\u00e1n a una prestaci\u00f3n econ\u00f3mica por desempleo.<\/p>\n<p class=\"x_yiv1001132433msonormal\"><strong><u><br \/>\nBeneficiarios<\/u><\/strong><u><\/u><\/p>\n<p class=\"x_yiv1001132433msonormal\">Se encuentran alcanzados los sujetos que cumplan uno o varios de los siguientes criterios:<br \/>\n&#8211; Actividades econ\u00f3micas afectadas en forma cr\u00edtica en las zonas geogr\u00e1ficas donde se desarrollan.<br \/>\n&#8211; Cantidad relevante de trabajadores contagiados por el COVID 19 o en aislamiento obligatorio o con dispensa laboral por estar en grupo de riesgo u obligaciones de cuidado familiar relacionadas a con la pandemia.<br \/>\n&#8211; Sustancial reducci\u00f3n en sus ventas con posterioridad al 20 de marzo de 2020.<\/p>\n<p class=\"x_yiv1001132433msonormal\"><strong><u>Exclusiones<\/u><\/strong><\/p>\n<p class=\"x_yiv1001132433msonormal\">Se encuentran expresamente excluidos de los beneficios aquellos sujetos que realizan las actividades y servicios declarados esenciales en la emergencia sanitaria y cuyo personal fue exceptuado del cumplimiento del \u201caislamiento social, preventivo y obligatorio\u201d.<\/p>\n<p class=\"x_yiv1001132433msonormal\">Quienes cumplan con los requisitos establecidos acceder\u00e1n a uno de los siguientes beneficios en materia de las obligaciones emanadas del sistema de seguridad social:<\/p>\n<p class=\"x_yiv1001132433msonormal\">a-\u00a0\u00a0\u00a0\u00a0\u00a0Postergaci\u00f3n de los vencimientos para el pago de las contribuciones patronales al Sistema Integrado Previsional Argentino.<\/p>\n<p class=\"x_yiv1001132433msonormal\">b-\u00a0\u00a0\u00a0\u00a0Reducci\u00f3n de hasta el NOVENTA Y CINCO POR CIENTO (95 %) de las contribuciones patronales al Sistema Integrado Previsional Argentino devengadas durante el mes de abril de 2020 ser\u00e1 para empleadores que, al 29 de febrero de 2020, no supere la cantidad de SESENTA (60). Aquellos empleadores, cuya plantilla de personal en relaci\u00f3n de dependencia supere dicha cantidad, deber\u00e1n, a los efectos de gozar del mencionado beneficio, promover el Procedimiento Preventivo de Crisis de Empresas<\/p>\n<p class=\"x_yiv1001132433msonormal\">\u00a0Instruyese a la AFIP a disponer vencimientos especiales para el pago de las contribuciones patronales devengadas durante los meses de marzo y abril del a\u00f1o en curso, y facilidades para el pago de las mismas.<\/p>\n<p class=\"x_yiv1001132433msonormal\">La Asignaci\u00f3n Compensatoria al Salario consistir\u00e1 en una suma abonada por la ADMINISTRACI\u00d3N NACIONAL DE LA SEGURIDAD SOCIAL (ANSES) para el caso de empleadores de hasta CIEN trabajadores<\/p>\n<p class=\"x_yiv1001132433msonormal\">El monto de la asignaci\u00f3n se determinar\u00e1 de acuerdo a los siguientes par\u00e1metros:<\/p>\n<p class=\"x_yiv1001132433msonormal\">a. Para los empleadores que cuenten con hasta 25 trabajadores: 100% del salario bruto, con un valor m\u00e1ximo de 1 Salario M\u00ednimo Vital y M\u00f3vil vigente.<\/p>\n<p class=\"x_yiv1001132433msonormal\">b. Para los empleadores de 26 a 60 trabajadores: un valor m\u00e1ximo de hasta un 75% del Salario M\u00ednimo Vital y M\u00f3vil vigente.<\/p>\n<p class=\"x_yiv1001132433msonormal\">c. Para los empleadores de 61 a 100 trabajadores: un valor m\u00e1ximo de hasta un 50% del Salario M\u00ednimo Vital y M\u00f3vil vigente.<\/p>\n<p class=\"x_yiv1001132433msonormal\">Esta Asignaci\u00f3n Compensatoria al Salario se considerar\u00e1 a cuenta del pago de las remuneraciones del personal afectado, debiendo los empleadores, abonar el saldo restante de aquellas hasta completar las mismas.<\/p>\n<p class=\"x_yiv1001132433msonormal\">El Programa REPRO Asistencia por la Emergencia Sanitaria consistir\u00e1 en una asignaci\u00f3n no contributiva respecto al Sistema Integrado Previsional Argentino a trabajadores a trav\u00e9s del Programa de Recuperaci\u00f3n Productiva a cargo del MINISTERIO DE TRABAJO, EMPLEO Y SEGURIDAD SOCIAL.<\/p>\n<p class=\"x_yiv1001132433msonormal\">La prestaci\u00f3n por trabajador tendr\u00e1 un m\u00ednimo de PESOS SEIS MIL ($6.000) y un m\u00e1ximo de PESOS DIEZ MIL ($10.000).<\/p>\n","protected":false},"excerpt":{"rendered":"<p>PROGRAMA DE ASISTENCIA DE EMERGENCIA AL TRABAJO Y LA PRODUCCI\u00d3N \u00a0Caracter\u00edsticas del programa &#8211;\u00a0\u00a0 \u00a0Postergaci\u00f3n o reducci\u00f3n de hasta el 95% del pago de las contribuciones patronales al SIPA. &#8211;\u00a0\u00a0 \u00a0Asignaci\u00f3n Compensatoria al Salario: abonada por el Estado para todos los trabajadores trabajadoras en relaci\u00f3n de dependencia del sector privado, comprendidos en el r\u00e9gimen de &#8230; <a title=\"Bolet\u00edn informativo 14\/20 (02\/04\/20)\" class=\"read-more\" href=\"http:\/\/molinablotta.com.ar\/website\/2020\/04\/02\/boletin-informativo-14-20-02-04-20\/\">Leer m\u00e1s<\/a><\/p>\n","protected":false},"author":1,"featured_media":0,"comment_status":"closed","ping_status":"open","sticky":false,"template":"","format":"standard","meta":{"footnotes":""},"categories":[3,4],"tags":[8],"class_list":["post-93","post","type-post","status-publish","format-standard","hentry","category-boletin-informativo","category-noticias","tag-emergencia-sanitaria"],"_links":{"self":[{"href":"http:\/\/molinablotta.com.ar\/website\/wp-json\/wp\/v2\/posts\/93","targetHints":{"allow":["GET"]}}],"collection":[{"href":"http:\/\/molinablotta.com.ar\/website\/wp-json\/wp\/v2\/posts"}],"about":[{"href":"http:\/\/molinablotta.com.ar\/website\/wp-json\/wp\/v2\/types\/post"}],"author":[{"embeddable":true,"href":"http:\/\/molinablotta.com.ar\/website\/wp-json\/wp\/v2\/users\/1"}],"replies":[{"embeddable":true,"href":"http:\/\/molinablotta.com.ar\/website\/wp-json\/wp\/v2\/comments?post=93"}],"version-history":[{"count":2,"href":"http:\/\/molinablotta.com.ar\/website\/wp-json\/wp\/v2\/posts\/93\/revisions"}],"predecessor-version":[{"id":95,"href":"http:\/\/molinablotta.com.ar\/website\/wp-json\/wp\/v2\/posts\/93\/revisions\/95"}],"wp:attachment":[{"href":"http:\/\/molinablotta.com.ar\/website\/wp-json\/wp\/v2\/media?parent=93"}],"wp:term":[{"taxonomy":"category","embeddable":true,"href":"http:\/\/molinablotta.com.ar\/website\/wp-json\/wp\/v2\/categories?post=93"},{"taxonomy":"post_tag","embeddable":true,"href":"http:\/\/molinablotta.com.ar\/website\/wp-json\/wp\/v2\/tags?post=93"}],"curies":[{"name":"wp","href":"https:\/\/api.w.org\/{rel}","templated":true}]}}