{"id":65,"date":"2020-03-19T01:23:46","date_gmt":"2020-03-19T01:23:46","guid":{"rendered":"http:\/\/molinablotta.com.ar\/website\/?p=65"},"modified":"2020-08-29T02:55:09","modified_gmt":"2020-08-29T02:55:09","slug":"boletin-informativo-6-20-19-03-20","status":"publish","type":"post","link":"http:\/\/molinablotta.com.ar\/website\/2020\/03\/19\/boletin-informativo-6-20-19-03-20\/","title":{"rendered":"Bolet\u00edn informativo 6\/20 (19\/03\/20)"},"content":{"rendered":"<p><strong><span style=\"color: #0000ff;\">FERIA FISCAL EXTRAORDINARIA<\/span><\/strong> En virtud de razones de salud p\u00fablica y emergencia sanitaria, a trav\u00e9s de la RG (AFIP) 4682, se establece una feria fiscal extraordinaria entre los d\u00edas 18\/03\/2020 al 31\/03\/2020 donde NO se computar\u00e1n los d\u00edas h\u00e1biles administrativos respecto de los plazos procedimentales, entre otros, que se indican a continuaci\u00f3n: En los sumarios, \u2022 En la aplicaci\u00f3n de multas \u2022 En la presentaci\u00f3n de descargos \u2022 En la imposici\u00f3n de clausuras \u2022 En las intimaciones de pago \u2022 En los pedidos de informaci\u00f3n \u2022 En los requerimientos de inspectores \u2022 En cualquier otra acci\u00f3n de fiscalizaci\u00f3n \u2022 En la contestaci\u00f3n de la vista ATENCI\u00d3N: es importante aclarar que NO implica ninguna modificaci\u00f3n ni pr\u00f3rroga sobre los vencimientos de impuestos ni las presentaciones de DDJJ determinativa e informativas.<\/p>\r\n\r\n<p>&nbsp;<\/p>\r\n\r\n\r\n\r\n<p>&nbsp;<\/p>","protected":false},"excerpt":{"rendered":"<p>FERIA FISCAL EXTRAORDINARIA En virtud de razones de salud p\u00fablica y emergencia sanitaria, a trav\u00e9s de la RG (AFIP) 4682, se establece una feria fiscal extraordinaria entre los d\u00edas 18\/03\/2020 al 31\/03\/2020 donde NO se computar\u00e1n los d\u00edas h\u00e1biles administrativos respecto de los plazos procedimentales, entre otros, que se indican a continuaci\u00f3n: En los sumarios, &#8230; <a title=\"Bolet\u00edn informativo 6\/20 (19\/03\/20)\" class=\"read-more\" href=\"http:\/\/molinablotta.com.ar\/website\/2020\/03\/19\/boletin-informativo-6-20-19-03-20\/\">Leer m\u00e1s<\/a><\/p>\n","protected":false},"author":1,"featured_media":0,"comment_status":"closed","ping_status":"open","sticky":false,"template":"","format":"standard","meta":{"footnotes":""},"categories":[3,4],"tags":[8],"class_list":["post-65","post","type-post","status-publish","format-standard","hentry","category-boletin-informativo","category-noticias","tag-emergencia-sanitaria"],"_links":{"self":[{"href":"http:\/\/molinablotta.com.ar\/website\/wp-json\/wp\/v2\/posts\/65","targetHints":{"allow":["GET"]}}],"collection":[{"href":"http:\/\/molinablotta.com.ar\/website\/wp-json\/wp\/v2\/posts"}],"about":[{"href":"http:\/\/molinablotta.com.ar\/website\/wp-json\/wp\/v2\/types\/post"}],"author":[{"embeddable":true,"href":"http:\/\/molinablotta.com.ar\/website\/wp-json\/wp\/v2\/users\/1"}],"replies":[{"embeddable":true,"href":"http:\/\/molinablotta.com.ar\/website\/wp-json\/wp\/v2\/comments?post=65"}],"version-history":[{"count":2,"href":"http:\/\/molinablotta.com.ar\/website\/wp-json\/wp\/v2\/posts\/65\/revisions"}],"predecessor-version":[{"id":67,"href":"http:\/\/molinablotta.com.ar\/website\/wp-json\/wp\/v2\/posts\/65\/revisions\/67"}],"wp:attachment":[{"href":"http:\/\/molinablotta.com.ar\/website\/wp-json\/wp\/v2\/media?parent=65"}],"wp:term":[{"taxonomy":"category","embeddable":true,"href":"http:\/\/molinablotta.com.ar\/website\/wp-json\/wp\/v2\/categories?post=65"},{"taxonomy":"post_tag","embeddable":true,"href":"http:\/\/molinablotta.com.ar\/website\/wp-json\/wp\/v2\/tags?post=65"}],"curies":[{"name":"wp","href":"https:\/\/api.w.org\/{rel}","templated":true}]}}