{"id":58,"date":"2020-02-14T22:34:44","date_gmt":"2020-02-14T22:34:44","guid":{"rendered":"http:\/\/molinablotta.com.ar\/website\/?p=58"},"modified":"2020-09-07T17:43:58","modified_gmt":"2020-09-07T17:43:58","slug":"boletin-informativo-4-20-12-02-20","status":"publish","type":"post","link":"http:\/\/molinablotta.com.ar\/website\/2020\/02\/14\/boletin-informativo-4-20-12-02-20\/","title":{"rendered":"Bolet\u00edn informativo 4\/20 (12\/02\/20)"},"content":{"rendered":"<p><strong><span style=\"color: #0000ff;\">IVA &#8211; LIBRO DE IVA DIGITAL &#8211; PRORROGA<\/span><\/strong> <strong><span style=\"color: #0000ff;\">BIENES PERSONALES &#8211; PAGO A CUENTA POR BIENES SITUADOS EN EL EXTERIOR<\/span><\/strong> <strong><span style=\"color: #0000ff;\">IVA &#8211; LIBRO DE IVA DIGITAL &#8211; PRORROGA<\/span><\/strong> La RG (AFIP) 4671\/2020 modifica el cronograma de implementaci\u00f3n del Libro de IVA digital, seg\u00fan el siguiente detalle: &#8211; Responsables Inscriptos en el IVA Cuyas operaciones declaradas en el IVA durante el a\u00f1o calendario 2018 hayan sido: \u2022 Por un importe igual o inferior a $ 500.000: Desde junio 2020.- \u2022 Por un importe superior a $ 500.000 e inferior o igual a $ 2.000.000: Desde julio 2020.- \u2022 Por un importe superior a $ 2.000.000: Desde agosto 2020.- &#8211; Responsables exentos A partir de octubre 2020.- Se except\u00faan de esta obligaci\u00f3n las entidades exentas en IVA comprendidas en los incisos e), f), g) y m) del Art\u00edculo 20 de la Ley de Impuesto a las Ganancias: Instituciones religiosas, asociaciones, fundaciones y entidades civiles de asistencia social, salud p\u00fablica, caridad, beneficencia, educaci\u00f3n e instrucci\u00f3n, cient\u00edficas, literarias, art\u00edsticas, gremiales y las de cultura f\u00edsica o intelectual, entidades mutualistas, asociaciones deportivas y de cultura f\u00edsica. Asimismo se establece que la presentaci\u00f3n del \u201cLibro de IVA Digital\u201d puede realizarse hasta el d\u00eda de vencimiento de la DDJJ de IVA pero en forma previa a la declaraci\u00f3n jurada del impuesto. VOLVER ARRIBA <strong><span style=\"color: #0000ff;\">BIENES PERSONALES &#8211; PAGO A CUENTA POR BIENES SITUADOS EN EL EXTERIOR<\/span><\/strong> La RG (AFIP) 4673\/2020 establece un pago a cuenta del Impuesto sobre los Bienes Personales correspondiente a los per\u00edodos fiscales 2019 y 2020 que deber\u00e1n ingresar las Personas Humanas y Sucesiones Indivisas que posean bienes en el exterior sujetos a impuesto en los per\u00edodos fiscales 2018 y 2019. Dicho pago a cuenta se determinar\u00e1 sobre la base del \u201cTotal de bienes en el exterior sujetos a impuesto\u201d del periodo 2018 y 2019, respectivamente, y la al\u00edcuota a aplicar surge de la siguiente tabla: Total de bienes sujetos a impuesto El pago a cuenta se determinar\u00e1 aplicando sobre el \u201cTotal bienes en el exterior sujetos a impuesto\u201d el % M\u00e1s de $ a $ 0 3.000.000, inclusive 0,10% 3.000.000 6.500.000, inclusive 0,22% 6.500.000 18.000.000, inclusive 0,40% 18.000.000 En adelante 0,50% El monto del pago a cuenta podr\u00e1 ser consultado en el sistema \u201cCuentas Tributarias\u201d en las siguientes fechas: Periodo 2019: a partir del 04\/03\/2020 Periodo 2020: a partir de la presentaci\u00f3n de la DDJJ 2019 El vencimiento para pago ser\u00e1 en las siguientes fechas: Periodo 2019: a partir del 04 de marzo del 2020 y hasta el 01 de abril del 2020 Periodo 2020: a partir del 01 de febrero del 2021 y hasta el 05 de abril del 2021 Eximici\u00f3n, s\u00f3lo podr\u00e1n solicitar que se los exima del ingreso del pago a cuenta: a) Cuando hubieran ejercido la opci\u00f3n de repatriaci\u00f3n de activos financieros. b) Declaren que no son titulares de bienes sujetos a impuesto en el exterior al 31\/12\/2019 o 31\/12\/2020, seg\u00fan el periodo de que se trate.<\/p>\r\n\r\n<p>&nbsp;<\/p>","protected":false},"excerpt":{"rendered":"<p>IVA &#8211; LIBRO DE IVA DIGITAL &#8211; PRORROGA BIENES PERSONALES &#8211; PAGO A CUENTA POR BIENES SITUADOS EN EL EXTERIOR IVA &#8211; LIBRO DE IVA DIGITAL &#8211; PRORROGA La RG (AFIP) 4671\/2020 modifica el cronograma de implementaci\u00f3n del Libro de IVA digital, seg\u00fan el siguiente detalle: &#8211; Responsables Inscriptos en el IVA Cuyas operaciones declaradas &#8230; <a title=\"Bolet\u00edn informativo 4\/20 (12\/02\/20)\" class=\"read-more\" href=\"http:\/\/molinablotta.com.ar\/website\/2020\/02\/14\/boletin-informativo-4-20-12-02-20\/\">Leer m\u00e1s<\/a><\/p>\n","protected":false},"author":1,"featured_media":0,"comment_status":"closed","ping_status":"open","sticky":false,"template":"","format":"standard","meta":{"footnotes":""},"categories":[3,4],"tags":[],"class_list":["post-58","post","type-post","status-publish","format-standard","hentry","category-boletin-informativo","category-noticias"],"_links":{"self":[{"href":"http:\/\/molinablotta.com.ar\/website\/wp-json\/wp\/v2\/posts\/58","targetHints":{"allow":["GET"]}}],"collection":[{"href":"http:\/\/molinablotta.com.ar\/website\/wp-json\/wp\/v2\/posts"}],"about":[{"href":"http:\/\/molinablotta.com.ar\/website\/wp-json\/wp\/v2\/types\/post"}],"author":[{"embeddable":true,"href":"http:\/\/molinablotta.com.ar\/website\/wp-json\/wp\/v2\/users\/1"}],"replies":[{"embeddable":true,"href":"http:\/\/molinablotta.com.ar\/website\/wp-json\/wp\/v2\/comments?post=58"}],"version-history":[{"count":2,"href":"http:\/\/molinablotta.com.ar\/website\/wp-json\/wp\/v2\/posts\/58\/revisions"}],"predecessor-version":[{"id":60,"href":"http:\/\/molinablotta.com.ar\/website\/wp-json\/wp\/v2\/posts\/58\/revisions\/60"}],"wp:attachment":[{"href":"http:\/\/molinablotta.com.ar\/website\/wp-json\/wp\/v2\/media?parent=58"}],"wp:term":[{"taxonomy":"category","embeddable":true,"href":"http:\/\/molinablotta.com.ar\/website\/wp-json\/wp\/v2\/categories?post=58"},{"taxonomy":"post_tag","embeddable":true,"href":"http:\/\/molinablotta.com.ar\/website\/wp-json\/wp\/v2\/tags?post=58"}],"curies":[{"name":"wp","href":"https:\/\/api.w.org\/{rel}","templated":true}]}}