{"id":114,"date":"2020-05-13T04:20:58","date_gmt":"2020-05-13T04:20:58","guid":{"rendered":"http:\/\/molinablotta.com.ar\/website\/?p=114"},"modified":"2020-08-29T04:21:11","modified_gmt":"2020-08-29T04:21:11","slug":"boletin-informativo-21-20-13-05-20","status":"publish","type":"post","link":"http:\/\/molinablotta.com.ar\/website\/2020\/05\/13\/boletin-informativo-21-20-13-05-20\/","title":{"rendered":"Bolet\u00edn informativo 21\/20 (13\/05\/20)"},"content":{"rendered":"<p><span style=\"color: #0000ff;\"><strong>SALARIO COMPLEMENTARIO PAGO MAYO 2020<\/strong><\/span><\/p>\r\n<ul>\r\n<li>En el marco de la extensi\u00f3n del beneficio del Salario Complementario ATP,\u00a0 resulta procedente tomar como referencia a la remuneraci\u00f3n abonada en el mes de marzo de 2020. La AFIP informa que ya cuenta con la informaci\u00f3n correspondiente a tales remuneraciones, la cuales constituyen una base de c\u00e1lculo que refleja la realidad econ\u00f3mica y determina una ponderaci\u00f3n m\u00e1s justa del beneficio para los trabajadores.<\/li>\r\n<li>Respecto de las condiciones de admisibilidad del beneficio en trato, se propone estimar la variaci\u00f3n de la facturaci\u00f3n de los empleadores comparando los per\u00edodos abril de 2019 con abril de 2020, en tanto que en el caso de las empresas que iniciaron sus actividades a partir del 1\u00ba de mayo de 2019 la comparaci\u00f3n deber\u00eda hacerse con el mes de diciembre de 2019. Asimismo, se propone continuar con la misma tesitura con respecto a las empresas nacidas durante el a\u00f1o 2020, las cuales recibieron de manera directa el beneficio del Salario Complementario.<\/li>\r\n<\/ul>\r\n<p>&nbsp;<\/p>\r\n\r\n<p>&nbsp;<\/p>","protected":false},"excerpt":{"rendered":"<p>SALARIO COMPLEMENTARIO PAGO MAYO 2020 En el marco de la extensi\u00f3n del beneficio del Salario Complementario ATP,\u00a0 resulta procedente tomar como referencia a la remuneraci\u00f3n abonada en el mes de marzo de 2020. La AFIP informa que ya cuenta con la informaci\u00f3n correspondiente a tales remuneraciones, la cuales constituyen una base de c\u00e1lculo que refleja &#8230; <a title=\"Bolet\u00edn informativo 21\/20 (13\/05\/20)\" class=\"read-more\" href=\"http:\/\/molinablotta.com.ar\/website\/2020\/05\/13\/boletin-informativo-21-20-13-05-20\/\">Leer m\u00e1s<\/a><\/p>\n","protected":false},"author":1,"featured_media":0,"comment_status":"closed","ping_status":"open","sticky":false,"template":"","format":"standard","meta":{"footnotes":""},"categories":[3,4],"tags":[8],"class_list":["post-114","post","type-post","status-publish","format-standard","hentry","category-boletin-informativo","category-noticias","tag-emergencia-sanitaria"],"_links":{"self":[{"href":"http:\/\/molinablotta.com.ar\/website\/wp-json\/wp\/v2\/posts\/114","targetHints":{"allow":["GET"]}}],"collection":[{"href":"http:\/\/molinablotta.com.ar\/website\/wp-json\/wp\/v2\/posts"}],"about":[{"href":"http:\/\/molinablotta.com.ar\/website\/wp-json\/wp\/v2\/types\/post"}],"author":[{"embeddable":true,"href":"http:\/\/molinablotta.com.ar\/website\/wp-json\/wp\/v2\/users\/1"}],"replies":[{"embeddable":true,"href":"http:\/\/molinablotta.com.ar\/website\/wp-json\/wp\/v2\/comments?post=114"}],"version-history":[{"count":2,"href":"http:\/\/molinablotta.com.ar\/website\/wp-json\/wp\/v2\/posts\/114\/revisions"}],"predecessor-version":[{"id":116,"href":"http:\/\/molinablotta.com.ar\/website\/wp-json\/wp\/v2\/posts\/114\/revisions\/116"}],"wp:attachment":[{"href":"http:\/\/molinablotta.com.ar\/website\/wp-json\/wp\/v2\/media?parent=114"}],"wp:term":[{"taxonomy":"category","embeddable":true,"href":"http:\/\/molinablotta.com.ar\/website\/wp-json\/wp\/v2\/categories?post=114"},{"taxonomy":"post_tag","embeddable":true,"href":"http:\/\/molinablotta.com.ar\/website\/wp-json\/wp\/v2\/tags?post=114"}],"curies":[{"name":"wp","href":"https:\/\/api.w.org\/{rel}","templated":true}]}}