{"id":102,"date":"2020-04-09T04:13:42","date_gmt":"2020-04-09T04:13:42","guid":{"rendered":"http:\/\/molinablotta.com.ar\/website\/?p=102"},"modified":"2020-08-29T04:14:08","modified_gmt":"2020-08-29T04:14:08","slug":"boletin-informativo-17-20-09-04-20","status":"publish","type":"post","link":"http:\/\/molinablotta.com.ar\/website\/2020\/04\/09\/boletin-informativo-17-20-09-04-20\/","title":{"rendered":"Bolet\u00edn informativo 17\/20 (09\/04\/20)"},"content":{"rendered":"<p class=\"x_msonormalmailrucssattributepostfix\"><span class=\"x_MsoHyperlink\" style=\"color: #0000ff;\"><b>RESOLUCI\u00d3N GENERAL AFIP \u2013 REGLAMENTACI\u00d3N DECRETO 322\/20 Y MODIFICATORIAS<\/b><\/span><\/p>\r\n<p class=\"x_MsoNormal\">Se\u00a0 Crea el servicio \u201cweb\u201d denominado \u201cPrograma de Asistencia de Emergencia al Trabajo y la Producci\u00f3n &#8211; ATP\u201d, al cual deber\u00e1n ingresar todos los empleadores a efectos de que, en los casos que as\u00ed se determine, puedan acceder a los beneficios previstos en el Decreto N\u00ba\u00a0332\/20 y su modificatorio.<\/p>\r\n<p class=\"x_MsoNormal\">Los sujetos aludidos en el art\u00edculo anterior deber\u00e1n:<\/p>\r\n<p class=\"x_MsoNormal\">a) Registrarse en el servicio \u201cweb\u201d \u201cPrograma de Asistencia de Emergencia al Trabajo y la Producci\u00f3n &#8211; ATP\u201d.<\/p>\r\n<p class=\"x_MsoNormal\">b) Suministrar informaci\u00f3n econ\u00f3mica relativa a sus actividades que el servicio \u201cweb\u201d \u201cPrograma de Asistencia de Emergencia al Trabajo y la Producci\u00f3n &#8211; ATP\u201d requiera, a efectos de poder efectuar las evaluaciones previstas del Decreto N\u00b0\u00a0332\/20 y su modificatorio.<\/p>\r\n<p class=\"x_MsoNormal\">La informaci\u00f3n indicada anteriormente no obsta a aquella otra que pudiera solicitarse a los contribuyentes que hayan cumplido la obligaci\u00f3n de registrarse, previa notificaci\u00f3n cursada al Domicilio Fiscal Electr\u00f3nico.<\/p>\r\n<p class=\"x_MsoNormal\">Los sujetos cuya actividad principal se encuentre incluida en el listado de actividades publicado por Afip y hayan cumplido con la obligaci\u00f3n de registraci\u00f3n gozar\u00e1n del beneficio de postergaci\u00f3n del vencimiento para el pago de las contribuciones patronales al Sistema Integrado Previsional Argentino (Cod 351) \u00a0\u00fanicamente, debi\u00e9ndose abonar el resto de las obligaciones incluidas en la DDJJ F 931, correspondientes al \u00a0per\u00edodo devengado marzo de 2020, pudiendo realizar el mismo hasta las fechas que, seg\u00fan la terminaci\u00f3n de la Clave \u00danica de Identificaci\u00f3n Tributaria (CUIT) del contribuyente, se detallan a continuaci\u00f3n:<\/p>\r\n<table class=\"x_MsoNormalTable\" border=\"0\" cellspacing=\"0\" cellpadding=\"0\">\r\n<tbody>\r\n<tr>\r\n<td>\r\n<p class=\"x_MsoNormal\">TERMINACI\u00d3N CUIT<\/p>\r\n<\/td>\r\n<td>\r\n<p class=\"x_MsoNormal\">FECHA<\/p>\r\n<\/td>\r\n<\/tr>\r\n<tr>\r\n<td>\r\n<p class=\"x_MsoNormal\">0, 1, 2 y 3<\/p>\r\n<\/td>\r\n<td>\r\n<p class=\"x_MsoNormal\">16\/06\/2020<\/p>\r\n<\/td>\r\n<\/tr>\r\n<tr>\r\n<td>\r\n<p class=\"x_MsoNormal\">4, 5 y 6<\/p>\r\n<\/td>\r\n<td>\r\n<p class=\"x_MsoNormal\">17\/06\/2020<\/p>\r\n<\/td>\r\n<\/tr>\r\n<tr>\r\n<td>\r\n<p class=\"x_MsoNormal\">7, 8 y 9<\/p>\r\n<\/td>\r\n<td>\r\n<p class=\"x_MsoNormal\">18\/06\/2020<\/p>\r\n<\/td>\r\n<\/tr>\r\n<tr>\r\n<td>\r\n<p class=\"x_MsoNormal\">\u00a0<\/p>\r\n<\/td>\r\n<td>\u00a0<\/td>\r\n<\/tr>\r\n<\/tbody>\r\n<\/table>\r\n<p class=\"x_MsoNormal\">Los sujetos enunciados en el art\u00edculo anterior ser\u00e1n caracterizados en el \u201cSistema Registral\u201d con el c\u00f3digo \u201c460 &#8211; Beneficio Dto. 332\/2020\u201d.<\/p>\r\n<p class=\"x_MsoNormal\">Para una adecuada instrumentaci\u00f3n de los beneficios del Programa de Asistencia de Emergencia al Trabajo y la Producci\u00f3n, se prorroga el vencimiento general de presentaci\u00f3n y pago, de la declaraci\u00f3n jurada determinativa de aportes y contribuciones con destino a la seguridad social correspondiente al per\u00edodo devengado marzo de 2020, conforme el siguiente cronograma:<\/p>\r\n<table class=\"x_MsoNormalTable\" border=\"0\" cellspacing=\"0\" cellpadding=\"0\">\r\n<tbody>\r\n<tr>\r\n<td>\r\n<p class=\"x_MsoNormal\">TERMINACI\u00d3N CUIT<\/p>\r\n<\/td>\r\n<td>\r\n<p class=\"x_MsoNormal\">FECHA<\/p>\r\n<\/td>\r\n<\/tr>\r\n<tr>\r\n<td>\r\n<p class=\"x_MsoNormal\">0, 1, 2 y 3<\/p>\r\n<\/td>\r\n<td>\r\n<p class=\"x_MsoNormal\">16\/04\/2020<\/p>\r\n<\/td>\r\n<\/tr>\r\n<tr>\r\n<td>\r\n<p class=\"x_MsoNormal\">4, 5 y 6<\/p>\r\n<\/td>\r\n<td>\r\n<p class=\"x_MsoNormal\">17\/04\/2020<\/p>\r\n<\/td>\r\n<\/tr>\r\n<tr>\r\n<td>\r\n<p class=\"x_MsoNormal\">7, 8 y 9<\/p>\r\n<\/td>\r\n<td>\r\n<p class=\"x_MsoNormal\">20\/04\/2020<\/p>\r\n<\/td>\r\n<\/tr>\r\n<tr>\r\n<td>\u00a0<\/td>\r\n<td>\r\n<p class=\"x_MsoNormal\">\u00a0<\/p>\r\n<\/td>\r\n<\/tr>\r\n<\/tbody>\r\n<\/table>\r\n<p class=\"x_MsoNormal\">Sin perjuicio de lo expuesto, aquellos contribuyentes que se registren y resulten alcanzados por el beneficio de postergaci\u00f3n previsto en el art\u00edculo 4\u00b0, deber\u00e1n ingresar el pago de las contribuciones patronales al Sistema Integrado Previsional Argentino, seg\u00fan el vencimiento fijado en dicho art\u00edculo.<\/p>\r\n\r\n<p>&nbsp;<\/p>","protected":false},"excerpt":{"rendered":"<p>RESOLUCI\u00d3N GENERAL AFIP \u2013 REGLAMENTACI\u00d3N DECRETO 322\/20 Y MODIFICATORIAS Se\u00a0 Crea el servicio \u201cweb\u201d denominado \u201cPrograma de Asistencia de Emergencia al Trabajo y la Producci\u00f3n &#8211; ATP\u201d, al cual deber\u00e1n ingresar todos los empleadores a efectos de que, en los casos que as\u00ed se determine, puedan acceder a los beneficios previstos en el Decreto N\u00ba\u00a0332\/20 &#8230; <a title=\"Bolet\u00edn informativo 17\/20 (09\/04\/20)\" class=\"read-more\" href=\"http:\/\/molinablotta.com.ar\/website\/2020\/04\/09\/boletin-informativo-17-20-09-04-20\/\">Leer m\u00e1s<\/a><\/p>\n","protected":false},"author":1,"featured_media":0,"comment_status":"closed","ping_status":"open","sticky":false,"template":"","format":"standard","meta":{"footnotes":""},"categories":[3,4],"tags":[8],"class_list":["post-102","post","type-post","status-publish","format-standard","hentry","category-boletin-informativo","category-noticias","tag-emergencia-sanitaria"],"_links":{"self":[{"href":"http:\/\/molinablotta.com.ar\/website\/wp-json\/wp\/v2\/posts\/102","targetHints":{"allow":["GET"]}}],"collection":[{"href":"http:\/\/molinablotta.com.ar\/website\/wp-json\/wp\/v2\/posts"}],"about":[{"href":"http:\/\/molinablotta.com.ar\/website\/wp-json\/wp\/v2\/types\/post"}],"author":[{"embeddable":true,"href":"http:\/\/molinablotta.com.ar\/website\/wp-json\/wp\/v2\/users\/1"}],"replies":[{"embeddable":true,"href":"http:\/\/molinablotta.com.ar\/website\/wp-json\/wp\/v2\/comments?post=102"}],"version-history":[{"count":2,"href":"http:\/\/molinablotta.com.ar\/website\/wp-json\/wp\/v2\/posts\/102\/revisions"}],"predecessor-version":[{"id":104,"href":"http:\/\/molinablotta.com.ar\/website\/wp-json\/wp\/v2\/posts\/102\/revisions\/104"}],"wp:attachment":[{"href":"http:\/\/molinablotta.com.ar\/website\/wp-json\/wp\/v2\/media?parent=102"}],"wp:term":[{"taxonomy":"category","embeddable":true,"href":"http:\/\/molinablotta.com.ar\/website\/wp-json\/wp\/v2\/categories?post=102"},{"taxonomy":"post_tag","embeddable":true,"href":"http:\/\/molinablotta.com.ar\/website\/wp-json\/wp\/v2\/tags?post=102"}],"curies":[{"name":"wp","href":"https:\/\/api.w.org\/{rel}","templated":true}]}}